{"id":4158,"date":"2023-07-22T20:03:35","date_gmt":"2023-07-23T00:03:35","guid":{"rendered":"https:\/\/pulaaronline.com\/wp\/?p=4158"},"modified":"2023-07-22T20:10:10","modified_gmt":"2023-07-23T00:10:10","slug":"mballo-cedeao-nana-miijitoo-e-peeje-ngam-waawde-naawde-kala-wa%c9%97%c9%93e-coups-detat-her-ley%c9%97eele-mum","status":"publish","type":"post","link":"https:\/\/pulaaronline.com\/wp\/2023\/07\/22\/mballo-cedeao-nana-miijitoo-e-peeje-ngam-waawde-naawde-kala-wa%c9%97%c9%93e-coups-detat-her-ley%c9%97eele-mum\/","title":{"rendered":"Mballo: CEDEAO nana miijitoo e peeje ngam waawde \u00f1aawde kala wa\u0257\u0253e Coups d&#8217;etat he nder ley\u0257eele mum."},"content":{"rendered":"\n<p class=\"has-text-align-justify\">He tuma nde o joo\u0257\u0257inatnoo Jos\u00e9 Mario Vaz he nder \u00f1aawirde ngenndi (Conseil d&#8217;Etat) ndu fayndaare mum ko \u00f1aawde luure janooje hakkunde \u0253iy\u0253e leydi e laamu mum en, Hooreejo leydi Gine Bisaaw, Umar Sissako Mbaalo, hollitii wonnde CEDEAO ene yiyloo peeje ngam waawde \u00f1aawde kala ba\u0257\u0257o kuddetaa he nder weeyo CEDEAO. He biy\u0257e hooreejo CDEAO kii\u0257\u0257o o, Waalde Faggudu Ley\u0257eele Hiirnaange Afrik, ene summbi ha\u0253aade ja\u0253tirgol koonunkoo\u0253e \u0253e laamu doole. Fayndaare ma\u0253\u0253e ko yoo \u0257uum dokko hankadi he nder wertaango CEDEAO.<\/p>\n\n\n\n<p class=\"has-text-align-justify\">\u201cCedeao, e biy\u0257e makko, \u201cNana nebisoo peeje baaw\u0257e gasde wonde ngam \u00f1aawde he nder \u00f1aawir\u0257e mum kala ne\u0257\u0257o mo junngo mum tawaa he li\u0253irde laamu doole walla mbiyen kuddetaa.\u201d O hollitii kadi taweede moo\u0253gal yo\u0253eefella en Wagner he nder hiirnaange Afrik ko huunde soklinnde CEDEAO.<\/p>\n\n\n\n<p class=\"has-text-align-justify\">Kono hooreejo leydi Gine Bisaaw o haalaani hol ko woni yiyannde Waalde hiirnange Afrik ndee he laam\u0253e wayloo\u0253e doos\u0257e ley\u0257eele mum en ngam haa mbawa wa\u0257de happuuji tati (madaa tata\u0253o) ko wayno Alasan Watara walla Alfa Konnde, won tuumoo\u0253e boom hay laam\u0257o Senegal o, Makki Sal, ko he ngoon felo ya\u0253\u0253unoo hayso tawii sir\u014binaare \u0253iy\u0253e leydi mum ngaddanii \u0257um yahrude heen caggal. E\u0257en ciftora tan kanko hooree Mballo, o mee\u0257iino wiyde waylude doos\u0257e ngam mbele ene waaw wa\u0257de mandaa tata\u0253o ko waawnere doos\u0257e (coups d&#8217;\u00e9tat constitutionnel).<\/p>\n","protected":false},"excerpt":{"rendered":"<p>He tuma nde o joo\u0257\u0257inatnoo Jos\u00e9 Mario Vaz he nder \u00f1aawirde ngenndi (Conseil d&#8217;Etat) ndu fayndaare mum ko \u00f1aawde luure&hellip;<\/p>\n","protected":false},"author":1,"featured_media":4159,"comment_status":"open","ping_status":"open","sticky":false,"template":"","format":"standard","meta":{"_jetpack_memberships_contains_paid_content":false,"footnotes":"","jetpack_publicize_message":"","jetpack_publicize_feature_enabled":true,"jetpack_social_post_already_shared":true,"jetpack_social_options":{"image_generator_settings":{"template":"highway","enabled":false},"version":2}},"categories":[4,17,21],"tags":[40],"class_list":["post-4158","post","type-post","status-publish","format-standard","has-post-thumbnail","hentry","category-afrik","category-dawrugol","category-renndo","tag-renndo"],"yoast_head":"<!-- This site is optimized with the Yoast SEO plugin v25.1 - https:\/\/yoast.com\/wordpress\/plugins\/seo\/ -->\n<title>Mballo: CEDEAO nana miijitoo e peeje ngam waawde \u00f1aawde kala wa\u0257\u0253e Coups d&#039;etat he nder ley\u0257eele mum. - Pulaar Online<\/title>\n<meta name=\"description\" content=\"He tuma nde o joo\u0257\u0257inatnoo Jos\u00e9 Mario Vaz he nder \u00f1aawirde ngenndi (Conseil d&#039;Etat) ndu fayndaare mum ko \u00f1aawde luure janooje hakkunde \u0253iy\u0253e leydi e laamu mum en, Hooreejo leydi Gine Bisaaw, Umar Sissako Mbaalo, hollitii wonnde CEDEAO ene yiyloo peeje ngam waawde \u00f1aawde kala ba\u0257\u0257o kuddetaa he nder weeyo CEDEAO. He biy\u0257e hooreejo CDEAO kii\u0257\u0257o o, Waalde Faggudu Ley\u0257eele Hiirnaange Afrik, ene summbi ha\u0253aade ja\u0253tirgol koonunkoo\u0253e \u0253e laamu doole. Fayndaare ma\u0253\u0253e ko yoo \u0257uum dokko hankadi he nder wertaango CEDEAO.\" \/>\n<meta name=\"robots\" content=\"index, follow, max-snippet:-1, max-image-preview:large, max-video-preview:-1\" \/>\n<link rel=\"canonical\" href=\"https:\/\/pulaaronline.com\/wp\/2023\/07\/22\/mballo-cedeao-nana-miijitoo-e-peeje-ngam-waawde-naawde-kala-wa\u0257\u0253e-coups-detat-her-ley\u0257eele-mum\/\" \/>\n<meta property=\"og:locale\" content=\"en_US\" \/>\n<meta property=\"og:type\" content=\"article\" \/>\n<meta property=\"og:title\" content=\"Mballo: CEDEAO nana miijitoo e peeje ngam waawde \u00f1aawde kala wa\u0257\u0253e Coups d&#039;etat he nder ley\u0257eele mum. - Pulaar Online\" \/>\n<meta property=\"og:description\" content=\"He tuma nde o joo\u0257\u0257inatnoo Jos\u00e9 Mario Vaz he nder \u00f1aawirde ngenndi (Conseil d&#039;Etat) ndu fayndaare mum ko \u00f1aawde luure janooje hakkunde \u0253iy\u0253e leydi e laamu mum en, Hooreejo leydi Gine Bisaaw, Umar Sissako Mbaalo, hollitii wonnde CEDEAO ene yiyloo peeje ngam waawde \u00f1aawde kala ba\u0257\u0257o kuddetaa he nder weeyo CEDEAO. He biy\u0257e hooreejo CDEAO kii\u0257\u0257o o, Waalde Faggudu Ley\u0257eele Hiirnaange Afrik, ene summbi ha\u0253aade ja\u0253tirgol koonunkoo\u0253e \u0253e laamu doole. Fayndaare ma\u0253\u0253e ko yoo \u0257uum dokko hankadi he nder wertaango CEDEAO.\" \/>\n<meta property=\"og:url\" content=\"https:\/\/pulaaronline.com\/wp\/2023\/07\/22\/mballo-cedeao-nana-miijitoo-e-peeje-ngam-waawde-naawde-kala-wa\u0257\u0253e-coups-detat-her-ley\u0257eele-mum\/\" \/>\n<meta property=\"og:site_name\" content=\"Pulaar Online\" \/>\n<meta property=\"article:published_time\" content=\"2023-07-23T00:03:35+00:00\" \/>\n<meta property=\"article:modified_time\" content=\"2023-07-23T00:10:10+00:00\" \/>\n<meta property=\"og:image\" content=\"https:\/\/pulaaronline.com\/wp\/wp-content\/uploads\/2023\/07\/Emballo-jpg.webp\" \/>\n\t<meta property=\"og:image:width\" content=\"1040\" \/>\n\t<meta property=\"og:image:height\" content=\"514\" \/>\n\t<meta property=\"og:image:type\" content=\"image\/jpeg\" \/>\n<meta name=\"author\" content=\"admin\" \/>\n<meta name=\"twitter:card\" content=\"summary_large_image\" \/>\n<meta name=\"twitter:label1\" content=\"Written by\" \/>\n\t<meta name=\"twitter:data1\" content=\"admin\" \/>\n\t<meta name=\"twitter:label2\" content=\"Est. reading time\" \/>\n\t<meta name=\"twitter:data2\" content=\"1 minute\" \/>\n<script type=\"application\/ld+json\" class=\"yoast-schema-graph\">{\"@context\":\"https:\/\/schema.org\",\"@graph\":[{\"@type\":\"Article\",\"@id\":\"https:\/\/pulaaronline.com\/wp\/2023\/07\/22\/mballo-cedeao-nana-miijitoo-e-peeje-ngam-waawde-naawde-kala-wa%c9%97%c9%93e-coups-detat-her-ley%c9%97eele-mum\/#article\",\"isPartOf\":{\"@id\":\"https:\/\/pulaaronline.com\/wp\/2023\/07\/22\/mballo-cedeao-nana-miijitoo-e-peeje-ngam-waawde-naawde-kala-wa%c9%97%c9%93e-coups-detat-her-ley%c9%97eele-mum\/\"},\"author\":{\"name\":\"admin\",\"@id\":\"https:\/\/pulaaronline.com\/wp\/#\/schema\/person\/e2126982fc4b9d2cdd4efa603e02c949\"},\"headline\":\"Mballo: CEDEAO nana miijitoo e peeje ngam waawde \u00f1aawde kala wa\u0257\u0253e Coups d&#8217;etat he nder ley\u0257eele mum.\",\"datePublished\":\"2023-07-23T00:03:35+00:00\",\"dateModified\":\"2023-07-23T00:10:10+00:00\",\"mainEntityOfPage\":{\"@id\":\"https:\/\/pulaaronline.com\/wp\/2023\/07\/22\/mballo-cedeao-nana-miijitoo-e-peeje-ngam-waawde-naawde-kala-wa%c9%97%c9%93e-coups-detat-her-ley%c9%97eele-mum\/\"},\"wordCount\":268,\"commentCount\":0,\"publisher\":{\"@id\":\"https:\/\/pulaaronline.com\/wp\/#\/schema\/person\/e2126982fc4b9d2cdd4efa603e02c949\"},\"image\":{\"@id\":\"https:\/\/pulaaronline.com\/wp\/2023\/07\/22\/mballo-cedeao-nana-miijitoo-e-peeje-ngam-waawde-naawde-kala-wa%c9%97%c9%93e-coups-detat-her-ley%c9%97eele-mum\/#primaryimage\"},\"thumbnailUrl\":\"https:\/\/i0.wp.com\/pulaaronline.com\/wp\/wp-content\/uploads\/2023\/07\/Emballo-jpg.webp?fit=1040%2C514&ssl=1\",\"keywords\":[\"Renndo\"],\"articleSection\":[\"Afrik\",\"Dawrugol\",\"Renndo\"],\"inLanguage\":\"en-US\",\"potentialAction\":[{\"@type\":\"CommentAction\",\"name\":\"Comment\",\"target\":[\"https:\/\/pulaaronline.com\/wp\/2023\/07\/22\/mballo-cedeao-nana-miijitoo-e-peeje-ngam-waawde-naawde-kala-wa%c9%97%c9%93e-coups-detat-her-ley%c9%97eele-mum\/#respond\"]}]},{\"@type\":\"WebPage\",\"@id\":\"https:\/\/pulaaronline.com\/wp\/2023\/07\/22\/mballo-cedeao-nana-miijitoo-e-peeje-ngam-waawde-naawde-kala-wa%c9%97%c9%93e-coups-detat-her-ley%c9%97eele-mum\/\",\"url\":\"https:\/\/pulaaronline.com\/wp\/2023\/07\/22\/mballo-cedeao-nana-miijitoo-e-peeje-ngam-waawde-naawde-kala-wa%c9%97%c9%93e-coups-detat-her-ley%c9%97eele-mum\/\",\"name\":\"Mballo: CEDEAO nana miijitoo e peeje ngam waawde \u00f1aawde kala wa\u0257\u0253e Coups d'etat he nder ley\u0257eele mum. - Pulaar Online\",\"isPartOf\":{\"@id\":\"https:\/\/pulaaronline.com\/wp\/#website\"},\"primaryImageOfPage\":{\"@id\":\"https:\/\/pulaaronline.com\/wp\/2023\/07\/22\/mballo-cedeao-nana-miijitoo-e-peeje-ngam-waawde-naawde-kala-wa%c9%97%c9%93e-coups-detat-her-ley%c9%97eele-mum\/#primaryimage\"},\"image\":{\"@id\":\"https:\/\/pulaaronline.com\/wp\/2023\/07\/22\/mballo-cedeao-nana-miijitoo-e-peeje-ngam-waawde-naawde-kala-wa%c9%97%c9%93e-coups-detat-her-ley%c9%97eele-mum\/#primaryimage\"},\"thumbnailUrl\":\"https:\/\/i0.wp.com\/pulaaronline.com\/wp\/wp-content\/uploads\/2023\/07\/Emballo-jpg.webp?fit=1040%2C514&ssl=1\",\"datePublished\":\"2023-07-23T00:03:35+00:00\",\"dateModified\":\"2023-07-23T00:10:10+00:00\",\"description\":\"He tuma nde o joo\u0257\u0257inatnoo Jos\u00e9 Mario Vaz he nder \u00f1aawirde ngenndi (Conseil d'Etat) ndu fayndaare mum ko \u00f1aawde luure janooje hakkunde \u0253iy\u0253e leydi e laamu mum en, Hooreejo leydi Gine Bisaaw, Umar Sissako Mbaalo, hollitii wonnde CEDEAO ene yiyloo peeje ngam waawde \u00f1aawde kala ba\u0257\u0257o kuddetaa he nder weeyo CEDEAO. He biy\u0257e hooreejo CDEAO kii\u0257\u0257o o, Waalde Faggudu Ley\u0257eele Hiirnaange Afrik, ene summbi ha\u0253aade ja\u0253tirgol koonunkoo\u0253e \u0253e laamu doole. Fayndaare ma\u0253\u0253e ko yoo \u0257uum dokko hankadi he nder wertaango CEDEAO.\",\"breadcrumb\":{\"@id\":\"https:\/\/pulaaronline.com\/wp\/2023\/07\/22\/mballo-cedeao-nana-miijitoo-e-peeje-ngam-waawde-naawde-kala-wa%c9%97%c9%93e-coups-detat-her-ley%c9%97eele-mum\/#breadcrumb\"},\"inLanguage\":\"en-US\",\"potentialAction\":[{\"@type\":\"ReadAction\",\"target\":[\"https:\/\/pulaaronline.com\/wp\/2023\/07\/22\/mballo-cedeao-nana-miijitoo-e-peeje-ngam-waawde-naawde-kala-wa%c9%97%c9%93e-coups-detat-her-ley%c9%97eele-mum\/\"]}]},{\"@type\":\"ImageObject\",\"inLanguage\":\"en-US\",\"@id\":\"https:\/\/pulaaronline.com\/wp\/2023\/07\/22\/mballo-cedeao-nana-miijitoo-e-peeje-ngam-waawde-naawde-kala-wa%c9%97%c9%93e-coups-detat-her-ley%c9%97eele-mum\/#primaryimage\",\"url\":\"https:\/\/i0.wp.com\/pulaaronline.com\/wp\/wp-content\/uploads\/2023\/07\/Emballo-jpg.webp?fit=1040%2C514&ssl=1\",\"contentUrl\":\"https:\/\/i0.wp.com\/pulaaronline.com\/wp\/wp-content\/uploads\/2023\/07\/Emballo-jpg.webp?fit=1040%2C514&ssl=1\",\"width\":1040,\"height\":514},{\"@type\":\"BreadcrumbList\",\"@id\":\"https:\/\/pulaaronline.com\/wp\/2023\/07\/22\/mballo-cedeao-nana-miijitoo-e-peeje-ngam-waawde-naawde-kala-wa%c9%97%c9%93e-coups-detat-her-ley%c9%97eele-mum\/#breadcrumb\",\"itemListElement\":[{\"@type\":\"ListItem\",\"position\":1,\"name\":\"Home\",\"item\":\"https:\/\/pulaaronline.com\/wp\/\"},{\"@type\":\"ListItem\",\"position\":2,\"name\":\"Mballo: CEDEAO nana miijitoo e peeje ngam waawde \u00f1aawde kala wa\u0257\u0253e Coups d&#8217;etat he nder ley\u0257eele mum.\"}]},{\"@type\":\"WebSite\",\"@id\":\"https:\/\/pulaaronline.com\/wp\/#website\",\"url\":\"https:\/\/pulaaronline.com\/wp\/\",\"name\":\"Pulaar Online\",\"description\":\"Ngam Kumpital Mon\",\"publisher\":{\"@id\":\"https:\/\/pulaaronline.com\/wp\/#\/schema\/person\/e2126982fc4b9d2cdd4efa603e02c949\"},\"potentialAction\":[{\"@type\":\"SearchAction\",\"target\":{\"@type\":\"EntryPoint\",\"urlTemplate\":\"https:\/\/pulaaronline.com\/wp\/?s={search_term_string}\"},\"query-input\":{\"@type\":\"PropertyValueSpecification\",\"valueRequired\":true,\"valueName\":\"search_term_string\"}}],\"inLanguage\":\"en-US\"},{\"@type\":[\"Person\",\"Organization\"],\"@id\":\"https:\/\/pulaaronline.com\/wp\/#\/schema\/person\/e2126982fc4b9d2cdd4efa603e02c949\",\"name\":\"admin\",\"image\":{\"@type\":\"ImageObject\",\"inLanguage\":\"en-US\",\"@id\":\"https:\/\/pulaaronline.com\/wp\/#\/schema\/person\/image\/\",\"url\":\"https:\/\/pulaaronline.com\/wp\/wp-content\/uploads\/2023\/03\/cropped-site-iconb-jpg.webp\",\"contentUrl\":\"https:\/\/pulaaronline.com\/wp\/wp-content\/uploads\/2023\/03\/cropped-site-iconb-jpg.webp\",\"width\":512,\"height\":512,\"caption\":\"admin\"},\"logo\":{\"@id\":\"https:\/\/pulaaronline.com\/wp\/#\/schema\/person\/image\/\"},\"sameAs\":[\"https:\/\/pulaaronline.com\/wp\"],\"url\":\"https:\/\/pulaaronline.com\/wp\/author\/admin\/\"}]}<\/script>\n<!-- \/ Yoast SEO plugin. -->","yoast_head_json":{"title":"Mballo: CEDEAO nana miijitoo e peeje ngam waawde \u00f1aawde kala wa\u0257\u0253e Coups d'etat he nder ley\u0257eele mum. - Pulaar Online","description":"He tuma nde o joo\u0257\u0257inatnoo Jos\u00e9 Mario Vaz he nder \u00f1aawirde ngenndi (Conseil d'Etat) ndu fayndaare mum ko \u00f1aawde luure janooje hakkunde \u0253iy\u0253e leydi e laamu mum en, Hooreejo leydi Gine Bisaaw, Umar Sissako Mbaalo, hollitii wonnde CEDEAO ene yiyloo peeje ngam waawde \u00f1aawde kala ba\u0257\u0257o kuddetaa he nder weeyo CEDEAO. He biy\u0257e hooreejo CDEAO kii\u0257\u0257o o, Waalde Faggudu Ley\u0257eele Hiirnaange Afrik, ene summbi ha\u0253aade ja\u0253tirgol koonunkoo\u0253e \u0253e laamu doole. Fayndaare ma\u0253\u0253e ko yoo \u0257uum dokko hankadi he nder wertaango CEDEAO.","robots":{"index":"index","follow":"follow","max-snippet":"max-snippet:-1","max-image-preview":"max-image-preview:large","max-video-preview":"max-video-preview:-1"},"canonical":"https:\/\/pulaaronline.com\/wp\/2023\/07\/22\/mballo-cedeao-nana-miijitoo-e-peeje-ngam-waawde-naawde-kala-wa\u0257\u0253e-coups-detat-her-ley\u0257eele-mum\/","og_locale":"en_US","og_type":"article","og_title":"Mballo: CEDEAO nana miijitoo e peeje ngam waawde \u00f1aawde kala wa\u0257\u0253e Coups d'etat he nder ley\u0257eele mum. - Pulaar Online","og_description":"He tuma nde o joo\u0257\u0257inatnoo Jos\u00e9 Mario Vaz he nder \u00f1aawirde ngenndi (Conseil d'Etat) ndu fayndaare mum ko \u00f1aawde luure janooje hakkunde \u0253iy\u0253e leydi e laamu mum en, Hooreejo leydi Gine Bisaaw, Umar Sissako Mbaalo, hollitii wonnde CEDEAO ene yiyloo peeje ngam waawde \u00f1aawde kala ba\u0257\u0257o kuddetaa he nder weeyo CEDEAO. He biy\u0257e hooreejo CDEAO kii\u0257\u0257o o, Waalde Faggudu Ley\u0257eele Hiirnaange Afrik, ene summbi ha\u0253aade ja\u0253tirgol koonunkoo\u0253e \u0253e laamu doole. Fayndaare ma\u0253\u0253e ko yoo \u0257uum dokko hankadi he nder wertaango CEDEAO.","og_url":"https:\/\/pulaaronline.com\/wp\/2023\/07\/22\/mballo-cedeao-nana-miijitoo-e-peeje-ngam-waawde-naawde-kala-wa\u0257\u0253e-coups-detat-her-ley\u0257eele-mum\/","og_site_name":"Pulaar Online","article_published_time":"2023-07-23T00:03:35+00:00","article_modified_time":"2023-07-23T00:10:10+00:00","og_image":[{"width":1040,"height":514,"url":"https:\/\/pulaaronline.com\/wp\/wp-content\/uploads\/2023\/07\/Emballo-jpg.webp","type":"image\/jpeg"}],"author":"admin","twitter_card":"summary_large_image","twitter_misc":{"Written by":"admin","Est. reading time":"1 minute"},"schema":{"@context":"https:\/\/schema.org","@graph":[{"@type":"Article","@id":"https:\/\/pulaaronline.com\/wp\/2023\/07\/22\/mballo-cedeao-nana-miijitoo-e-peeje-ngam-waawde-naawde-kala-wa%c9%97%c9%93e-coups-detat-her-ley%c9%97eele-mum\/#article","isPartOf":{"@id":"https:\/\/pulaaronline.com\/wp\/2023\/07\/22\/mballo-cedeao-nana-miijitoo-e-peeje-ngam-waawde-naawde-kala-wa%c9%97%c9%93e-coups-detat-her-ley%c9%97eele-mum\/"},"author":{"name":"admin","@id":"https:\/\/pulaaronline.com\/wp\/#\/schema\/person\/e2126982fc4b9d2cdd4efa603e02c949"},"headline":"Mballo: CEDEAO nana miijitoo e peeje ngam waawde \u00f1aawde kala wa\u0257\u0253e Coups d&#8217;etat he nder ley\u0257eele mum.","datePublished":"2023-07-23T00:03:35+00:00","dateModified":"2023-07-23T00:10:10+00:00","mainEntityOfPage":{"@id":"https:\/\/pulaaronline.com\/wp\/2023\/07\/22\/mballo-cedeao-nana-miijitoo-e-peeje-ngam-waawde-naawde-kala-wa%c9%97%c9%93e-coups-detat-her-ley%c9%97eele-mum\/"},"wordCount":268,"commentCount":0,"publisher":{"@id":"https:\/\/pulaaronline.com\/wp\/#\/schema\/person\/e2126982fc4b9d2cdd4efa603e02c949"},"image":{"@id":"https:\/\/pulaaronline.com\/wp\/2023\/07\/22\/mballo-cedeao-nana-miijitoo-e-peeje-ngam-waawde-naawde-kala-wa%c9%97%c9%93e-coups-detat-her-ley%c9%97eele-mum\/#primaryimage"},"thumbnailUrl":"https:\/\/i0.wp.com\/pulaaronline.com\/wp\/wp-content\/uploads\/2023\/07\/Emballo-jpg.webp?fit=1040%2C514&ssl=1","keywords":["Renndo"],"articleSection":["Afrik","Dawrugol","Renndo"],"inLanguage":"en-US","potentialAction":[{"@type":"CommentAction","name":"Comment","target":["https:\/\/pulaaronline.com\/wp\/2023\/07\/22\/mballo-cedeao-nana-miijitoo-e-peeje-ngam-waawde-naawde-kala-wa%c9%97%c9%93e-coups-detat-her-ley%c9%97eele-mum\/#respond"]}]},{"@type":"WebPage","@id":"https:\/\/pulaaronline.com\/wp\/2023\/07\/22\/mballo-cedeao-nana-miijitoo-e-peeje-ngam-waawde-naawde-kala-wa%c9%97%c9%93e-coups-detat-her-ley%c9%97eele-mum\/","url":"https:\/\/pulaaronline.com\/wp\/2023\/07\/22\/mballo-cedeao-nana-miijitoo-e-peeje-ngam-waawde-naawde-kala-wa%c9%97%c9%93e-coups-detat-her-ley%c9%97eele-mum\/","name":"Mballo: CEDEAO nana miijitoo e peeje ngam waawde \u00f1aawde kala wa\u0257\u0253e Coups d'etat he nder ley\u0257eele mum. - Pulaar Online","isPartOf":{"@id":"https:\/\/pulaaronline.com\/wp\/#website"},"primaryImageOfPage":{"@id":"https:\/\/pulaaronline.com\/wp\/2023\/07\/22\/mballo-cedeao-nana-miijitoo-e-peeje-ngam-waawde-naawde-kala-wa%c9%97%c9%93e-coups-detat-her-ley%c9%97eele-mum\/#primaryimage"},"image":{"@id":"https:\/\/pulaaronline.com\/wp\/2023\/07\/22\/mballo-cedeao-nana-miijitoo-e-peeje-ngam-waawde-naawde-kala-wa%c9%97%c9%93e-coups-detat-her-ley%c9%97eele-mum\/#primaryimage"},"thumbnailUrl":"https:\/\/i0.wp.com\/pulaaronline.com\/wp\/wp-content\/uploads\/2023\/07\/Emballo-jpg.webp?fit=1040%2C514&ssl=1","datePublished":"2023-07-23T00:03:35+00:00","dateModified":"2023-07-23T00:10:10+00:00","description":"He tuma nde o joo\u0257\u0257inatnoo Jos\u00e9 Mario Vaz he nder \u00f1aawirde ngenndi (Conseil d'Etat) ndu fayndaare mum ko \u00f1aawde luure janooje hakkunde \u0253iy\u0253e leydi e laamu mum en, Hooreejo leydi Gine Bisaaw, Umar Sissako Mbaalo, hollitii wonnde CEDEAO ene yiyloo peeje ngam waawde \u00f1aawde kala ba\u0257\u0257o kuddetaa he nder weeyo CEDEAO. He biy\u0257e hooreejo CDEAO kii\u0257\u0257o o, Waalde Faggudu Ley\u0257eele Hiirnaange Afrik, ene summbi ha\u0253aade ja\u0253tirgol koonunkoo\u0253e \u0253e laamu doole. Fayndaare ma\u0253\u0253e ko yoo \u0257uum dokko hankadi he nder wertaango CEDEAO.","breadcrumb":{"@id":"https:\/\/pulaaronline.com\/wp\/2023\/07\/22\/mballo-cedeao-nana-miijitoo-e-peeje-ngam-waawde-naawde-kala-wa%c9%97%c9%93e-coups-detat-her-ley%c9%97eele-mum\/#breadcrumb"},"inLanguage":"en-US","potentialAction":[{"@type":"ReadAction","target":["https:\/\/pulaaronline.com\/wp\/2023\/07\/22\/mballo-cedeao-nana-miijitoo-e-peeje-ngam-waawde-naawde-kala-wa%c9%97%c9%93e-coups-detat-her-ley%c9%97eele-mum\/"]}]},{"@type":"ImageObject","inLanguage":"en-US","@id":"https:\/\/pulaaronline.com\/wp\/2023\/07\/22\/mballo-cedeao-nana-miijitoo-e-peeje-ngam-waawde-naawde-kala-wa%c9%97%c9%93e-coups-detat-her-ley%c9%97eele-mum\/#primaryimage","url":"https:\/\/i0.wp.com\/pulaaronline.com\/wp\/wp-content\/uploads\/2023\/07\/Emballo-jpg.webp?fit=1040%2C514&ssl=1","contentUrl":"https:\/\/i0.wp.com\/pulaaronline.com\/wp\/wp-content\/uploads\/2023\/07\/Emballo-jpg.webp?fit=1040%2C514&ssl=1","width":1040,"height":514},{"@type":"BreadcrumbList","@id":"https:\/\/pulaaronline.com\/wp\/2023\/07\/22\/mballo-cedeao-nana-miijitoo-e-peeje-ngam-waawde-naawde-kala-wa%c9%97%c9%93e-coups-detat-her-ley%c9%97eele-mum\/#breadcrumb","itemListElement":[{"@type":"ListItem","position":1,"name":"Home","item":"https:\/\/pulaaronline.com\/wp\/"},{"@type":"ListItem","position":2,"name":"Mballo: CEDEAO nana miijitoo e peeje ngam waawde \u00f1aawde kala wa\u0257\u0253e Coups d&#8217;etat he nder ley\u0257eele mum."}]},{"@type":"WebSite","@id":"https:\/\/pulaaronline.com\/wp\/#website","url":"https:\/\/pulaaronline.com\/wp\/","name":"Pulaar Online","description":"Ngam Kumpital Mon","publisher":{"@id":"https:\/\/pulaaronline.com\/wp\/#\/schema\/person\/e2126982fc4b9d2cdd4efa603e02c949"},"potentialAction":[{"@type":"SearchAction","target":{"@type":"EntryPoint","urlTemplate":"https:\/\/pulaaronline.com\/wp\/?s={search_term_string}"},"query-input":{"@type":"PropertyValueSpecification","valueRequired":true,"valueName":"search_term_string"}}],"inLanguage":"en-US"},{"@type":["Person","Organization"],"@id":"https:\/\/pulaaronline.com\/wp\/#\/schema\/person\/e2126982fc4b9d2cdd4efa603e02c949","name":"admin","image":{"@type":"ImageObject","inLanguage":"en-US","@id":"https:\/\/pulaaronline.com\/wp\/#\/schema\/person\/image\/","url":"https:\/\/pulaaronline.com\/wp\/wp-content\/uploads\/2023\/03\/cropped-site-iconb-jpg.webp","contentUrl":"https:\/\/pulaaronline.com\/wp\/wp-content\/uploads\/2023\/03\/cropped-site-iconb-jpg.webp","width":512,"height":512,"caption":"admin"},"logo":{"@id":"https:\/\/pulaaronline.com\/wp\/#\/schema\/person\/image\/"},"sameAs":["https:\/\/pulaaronline.com\/wp"],"url":"https:\/\/pulaaronline.com\/wp\/author\/admin\/"}]}},"jetpack_publicize_connections":[],"jetpack_featured_media_url":"https:\/\/i0.wp.com\/pulaaronline.com\/wp\/wp-content\/uploads\/2023\/07\/Emballo-jpg.webp?fit=1040%2C514&ssl=1","jetpack_sharing_enabled":true,"jetpack_likes_enabled":true,"jetpack_shortlink":"https:\/\/wp.me\/peBKhp-154","_links":{"self":[{"href":"https:\/\/pulaaronline.com\/wp\/wp-json\/wp\/v2\/posts\/4158","targetHints":{"allow":["GET"]}}],"collection":[{"href":"https:\/\/pulaaronline.com\/wp\/wp-json\/wp\/v2\/posts"}],"about":[{"href":"https:\/\/pulaaronline.com\/wp\/wp-json\/wp\/v2\/types\/post"}],"author":[{"embeddable":true,"href":"https:\/\/pulaaronline.com\/wp\/wp-json\/wp\/v2\/users\/1"}],"replies":[{"embeddable":true,"href":"https:\/\/pulaaronline.com\/wp\/wp-json\/wp\/v2\/comments?post=4158"}],"version-history":[{"count":2,"href":"https:\/\/pulaaronline.com\/wp\/wp-json\/wp\/v2\/posts\/4158\/revisions"}],"predecessor-version":[{"id":4161,"href":"https:\/\/pulaaronline.com\/wp\/wp-json\/wp\/v2\/posts\/4158\/revisions\/4161"}],"wp:featuredmedia":[{"embeddable":true,"href":"https:\/\/pulaaronline.com\/wp\/wp-json\/wp\/v2\/media\/4159"}],"wp:attachment":[{"href":"https:\/\/pulaaronline.com\/wp\/wp-json\/wp\/v2\/media?parent=4158"}],"wp:term":[{"taxonomy":"category","embeddable":true,"href":"https:\/\/pulaaronline.com\/wp\/wp-json\/wp\/v2\/categories?post=4158"},{"taxonomy":"post_tag","embeddable":true,"href":"https:\/\/pulaaronline.com\/wp\/wp-json\/wp\/v2\/tags?post=4158"}],"curies":[{"name":"wp","href":"https:\/\/api.w.org\/{rel}","templated":true}]}}